{"id":37099,"date":"2023-09-16T10:44:00","date_gmt":"2023-09-16T09:44:00","guid":{"rendered":"https:\/\/felino.pt\/?p=37099"},"modified":"2024-06-16T10:44:19","modified_gmt":"2024-06-16T09:44:19","slug":"feline-at-iba-2023","status":"publish","type":"post","link":"https:\/\/felino.pt\/en\/feline-at-iba-2023\/","title":{"rendered":"FELINO at IBA 2023"},"content":{"rendered":"<p>[et_pb_section fb_built=&#8221;1&#8243; admin_label=&#8221;section&#8221; _builder_version=&#8221;4.16&#8243; global_colors_info=&#8221;{}&#8221; theme_builder_area=&#8221;et_body_layout&#8221;][et_pb_row admin_label=&#8221;row&#8221; _builder_version=&#8221;4.16&#8243; background_size=&#8221;initial&#8221; background_position=&#8221;top_left&#8221; background_repeat=&#8221;repeat&#8221; global_colors_info=&#8221;{}&#8221; theme_builder_area=&#8221;et_body_layout&#8221;][et_pb_column type=&#8221;4_4&#8243; _builder_version=&#8221;4.16&#8243; custom_padding=&#8221;|||&#8221; global_colors_info=&#8221;{}&#8221; custom_padding__hover=&#8221;|||&#8221; theme_builder_area=&#8221;et_body_layout&#8221;][et_pb_text _builder_version=&#8221;4.25.2&#8243; _module_preset=&#8221;default&#8221; header_2_font_size=&#8221;16px&#8221; hover_enabled=&#8221;0&#8243; global_colors_info=&#8221;{}&#8221; theme_builder_area=&#8221;et_body_layout&#8221; sticky_enabled=&#8221;0&#8243;]<\/p>\n<h1 style=\"text-align: center;\">FELINO at IBA 2023<\/h1>\n<p><strong><\/strong><\/p>\n<p><span>FELINO is pleased to announce that it will be present at the IBA2023 international trade fair from 22 to 26 October with new equipment and solutions!<\/span><span><br \/><\/span><span><br \/><\/span><span>This event provides a unique opportunity for you to experience our cutting-edge solutions first-hand, where we will be on hand to provide detailed information and demonstrate our equipment.<\/span><span><br \/><\/span><span><br \/><\/span><span>Visit us at stand B2.335 to try out our solutions for your manufacturing and see first-hand the new machines available to you.<\/span><\/p>\n<p>[\/et_pb_text][et_pb_image src=&#8221;https:\/\/felino.pt\/wp-content\/uploads\/2024\/06\/IBA2023.png&#8221; alt=&#8221;IBA 2023, feira internacional, IBA, M\u00e1quinas de Padaria e Pastelaria, FELINO&#8221; title_text=&#8221;IBA2023&#8243; _builder_version=&#8221;4.25.2&#8243; _module_preset=&#8221;default&#8221; width=&#8221;100%&#8221; module_alignment=&#8221;center&#8221; hover_enabled=&#8221;0&#8243; global_colors_info=&#8221;{}&#8221; theme_builder_area=&#8221;et_body_layout&#8221; sticky_enabled=&#8221;0&#8243;][\/et_pb_image][\/et_pb_column][\/et_pb_row][\/et_pb_section]<\/p>","protected":false},"excerpt":{"rendered":"<p>FELINO na IBA 2023 A FELINO tem o prazer de anunciar que estar\u00e1\u00a0presente na feira internacional\u00a0IBA2023 entre 22 e 26 de Outubro com novos equipamentos e\u00a0solu\u00e7\u00f5es!Este evento\u00a0proporciona\u00a0uma oportunidade \u00fanica para que possa\u00a0experimentar\u00a0em primeira m\u00e3o as nossas solu\u00e7\u00f5es de ponta,\u00a0onde estaremos \u00e0 disposi\u00e7\u00e3o para fornecer informa\u00e7\u00f5es detalhadas e demonstrar os nossos equipamentos.Visite-nos no stand B2.335\u00a0para experimentar as nossas solu\u00e7\u00f5es para o seu fabrico e conhecer em primeira m\u00e3o as novas m\u00e1quinas \u00e0 sua disposi\u00e7\u00e3o.<\/p>","protected":false},"author":3,"featured_media":37100,"comment_status":"closed","ping_status":"closed","sticky":false,"template":"","format":"standard","meta":{"_et_pb_use_builder":"on","_et_pb_old_content":"","_et_gb_content_width":"","footnotes":""},"categories":[26,27],"tags":[],"class_list":["post-37099","post","type-post","status-publish","format-standard","has-post-thumbnail","hentry","category-feiras-e-eventos","category-news-padaria-e-pastelaria-noticias"],"_links":{"self":[{"href":"https:\/\/felino.pt\/en\/wp-json\/wp\/v2\/posts\/37099","targetHints":{"allow":["GET"]}}],"collection":[{"href":"https:\/\/felino.pt\/en\/wp-json\/wp\/v2\/posts"}],"about":[{"href":"https:\/\/felino.pt\/en\/wp-json\/wp\/v2\/types\/post"}],"author":[{"embeddable":true,"href":"https:\/\/felino.pt\/en\/wp-json\/wp\/v2\/users\/3"}],"replies":[{"embeddable":true,"href":"https:\/\/felino.pt\/en\/wp-json\/wp\/v2\/comments?post=37099"}],"version-history":[{"count":4,"href":"https:\/\/felino.pt\/en\/wp-json\/wp\/v2\/posts\/37099\/revisions"}],"predecessor-version":[{"id":37106,"href":"https:\/\/felino.pt\/en\/wp-json\/wp\/v2\/posts\/37099\/revisions\/37106"}],"wp:featuredmedia":[{"embeddable":true,"href":"https:\/\/felino.pt\/en\/wp-json\/wp\/v2\/media\/37100"}],"wp:attachment":[{"href":"https:\/\/felino.pt\/en\/wp-json\/wp\/v2\/media?parent=37099"}],"wp:term":[{"taxonomy":"category","embeddable":true,"href":"https:\/\/felino.pt\/en\/wp-json\/wp\/v2\/categories?post=37099"},{"taxonomy":"post_tag","embeddable":true,"href":"https:\/\/felino.pt\/en\/wp-json\/wp\/v2\/tags?post=37099"}],"curies":[{"name":"wp","href":"https:\/\/api.w.org\/{rel}","templated":true}]}}