{"id":32938,"date":"2023-08-27T15:22:01","date_gmt":"2023-08-27T14:22:01","guid":{"rendered":"https:\/\/felino.4mcomunicacao.com.br\/?p=32938"},"modified":"2023-08-27T15:22:01","modified_gmt":"2023-08-27T14:22:01","slug":"iii-congreso-internacional-de-panaderia-y-pizzeria","status":"publish","type":"post","link":"https:\/\/felino.pt\/es\/iii-congreso-internacional-de-panaderia-y-pizzeria\/","title":{"rendered":"III Congreso Internacional de Panader\u00eda, Pasteler\u00eda y Pizzer\u00eda"},"content":{"rendered":"<p>FELINO SA - Bakery &amp; Pastry Machines concluy\u00f3 su presencia en la feria Kapital PA de Sabadell-Barcelona, donde particip\u00f3 en el III Congreso Internacional de Panader\u00eda, Pasteler\u00eda y Pizzer\u00eda.<\/p>\n<p>Queremos dar las gracias a todos los clientes y socios que visitaron nuestro stand y a todos los miembros de nuestro equipo.<\/p>","protected":false},"excerpt":{"rendered":"<p>FELINO SA - Bakery &amp; Pastry Machines concluy\u00f3 su presencia en la feria Kapital PA de Sabadell-Barcelona, donde particip\u00f3 en el III Congreso Internacional de Panader\u00eda, Boller\u00eda y Pizzer\u00eda. Queremos dar las gracias a todos los clientes y colaboradores que visitaron nuestro stand y a todos los miembros de nuestro equipo.<\/p>","protected":false},"author":5,"featured_media":32939,"comment_status":"closed","ping_status":"closed","sticky":false,"template":"","format":"standard","meta":{"_et_pb_use_builder":"","_et_pb_old_content":"","_et_gb_content_width":"","footnotes":""},"categories":[26,27,25],"tags":[],"class_list":["post-32938","post","type-post","status-publish","format-standard","has-post-thumbnail","hentry","category-feiras-e-eventos","category-news-padaria-e-pastelaria-noticias","category-noticias"],"_links":{"self":[{"href":"https:\/\/felino.pt\/es\/wp-json\/wp\/v2\/posts\/32938","targetHints":{"allow":["GET"]}}],"collection":[{"href":"https:\/\/felino.pt\/es\/wp-json\/wp\/v2\/posts"}],"about":[{"href":"https:\/\/felino.pt\/es\/wp-json\/wp\/v2\/types\/post"}],"author":[{"embeddable":true,"href":"https:\/\/felino.pt\/es\/wp-json\/wp\/v2\/users\/5"}],"replies":[{"embeddable":true,"href":"https:\/\/felino.pt\/es\/wp-json\/wp\/v2\/comments?post=32938"}],"version-history":[{"count":0,"href":"https:\/\/felino.pt\/es\/wp-json\/wp\/v2\/posts\/32938\/revisions"}],"wp:featuredmedia":[{"embeddable":true,"href":"https:\/\/felino.pt\/es\/wp-json\/wp\/v2\/media\/32939"}],"wp:attachment":[{"href":"https:\/\/felino.pt\/es\/wp-json\/wp\/v2\/media?parent=32938"}],"wp:term":[{"taxonomy":"category","embeddable":true,"href":"https:\/\/felino.pt\/es\/wp-json\/wp\/v2\/categories?post=32938"},{"taxonomy":"post_tag","embeddable":true,"href":"https:\/\/felino.pt\/es\/wp-json\/wp\/v2\/tags?post=32938"}],"curies":[{"name":"wp","href":"https:\/\/api.w.org\/{rel}","templated":true}]}}