{"id":37084,"date":"2024-03-22T16:47:38","date_gmt":"2024-03-22T16:47:38","guid":{"rendered":"https:\/\/felino.pt\/?p=37084"},"modified":"2024-11-26T16:04:12","modified_gmt":"2024-11-26T16:04:12","slug":"entrevista-felina-para-el-canal-panhabla-lab","status":"publish","type":"post","link":"https:\/\/felino.pt\/es\/entrevista-felina-para-el-canal-panhabla-lab\/","title":{"rendered":"Entrevista a FELINO para el canal PANHABLA LAB"},"content":{"rendered":"<p>[et_pb_section fb_built=\"1\u2033 admin_label=\"section\" _builder_version=\"4.16\u2033 global_colors_info=\"{}\" theme_builder_area=\"post_content\" custom_padding=\"||2px||\"][et_pb_row admin_label=\"row\" _builder_version=\"4.16\u2033 background_size=\"initial\" background_position=\"top_left\" background_repeat=\"repeat\" global_colors_info=\"{}\" theme_builder_area=\"post_content\"][et_pb_column type=\"4_4\u2033 _builder_version=\"4.16\u2033 custom_padding=\"||\" global_colors_info=\"{}\" custom_padding__hover=\"||\" theme_builder_area=\"post_content\"][et_pb_text _builder_version=\"4.25.2\u2033 _module_preset=\"default\" header_2_font_size=\"16px\" hover_enabled=\"0\u2033 global_colors_info=\"{}\" theme_builder_area=\"post_content\" sticky_enabled=\"0\u2033]<\/p>\n<h1>Entrevista a FELINO para el canal PANHABLA LAB<\/h1>\n<p><span><\/span><\/p>\n<p><span>Un mes despu\u00e9s de nuestra participaci\u00f3n en el<\/span><span class=\"white-space-pre\"> <\/span><span>INTERSICOP<\/span><span class=\"white-space-pre\"> <\/span><span>en Madrid, queremos expresar nuestro agradecimiento a todos los clientes y socios que nos visitaron. La feria, que se celebr\u00f3 del 17 al 20 de febrero, fue un escenario para innovar y compartir, que reuni\u00f3 a profesionales del sector bajo el lema \"Unidos por la pasi\u00f3n\".<\/span><span><br \/><\/span><span><br \/><\/span><span>Ahora, nos complace compartir nuestra entrevista con FELINO <\/span><span>del canal PANHABLA LAB, que recoge la esencia de nuestra presencia en la feria. Este v\u00eddeo ofrece una visi\u00f3n completa de nuestras \u00faltimas novedades e innovaciones, y es una oportunidad para que aquellos que no pudieron asistir se informen sobre las m\u00e1quinas de panader\u00eda y pasteler\u00eda.<\/span><span><br \/><\/span><span><br \/><\/span><span>Siga nuestra experiencia a trav\u00e9s de este informe y sum\u00e9rjase en la experiencia FELINO en InterSICOP.<\/span><span class=\"white-space-pre\"> <\/span><\/p>\n<p>[\/et_pb_text][et_pb_video src=\"https:\/\/www.youtube.com\/watch?v=97fq6QXV0M0\u2033 _builder_version=\"4.25.2\u2033 _module_preset=\"default\" global_colors_info=\"{}\" theme_builder_area=\"post_content\"][\/et_pb_video][\/et_pb_column][\/et_pb_row][\/et_pb_section]<\/p>","protected":false},"excerpt":{"rendered":"<p>Entrevista a FELINO para el canal PANHABLA LAB Un mes despu\u00e9s de nuestra participaci\u00f3n en INTERSICOP en Madrid, queremos expresar nuestro agradecimiento a todos los clientes y colaboradores que nos visitaron. La feria, que tuvo lugar del 17 al 20 de febrero, fue un escenario para innovar y compartir, uniendo a los profesionales del sector bajo el lema \"Unidos por la pasi\u00f3n\" Ahora, nos complace compartir la entrevista realizada a FELINO por el canal PANHABLA LAB, que recoge la esencia de nuestra presencia en la feria. Este v\u00eddeo ofrece una visi\u00f3n completa de nuestras \u00faltimas novedades e innovaciones, y es una oportunidad para que aquellos que no pudieron asistir conozcan m\u00e1s sobre las m\u00e1quinas de panader\u00eda y pasteler\u00eda.Sigue nuestra experiencia a trav\u00e9s de este reportaje y sum\u00e9rgete en la experiencia FELINO en InterSICOP.<\/p>","protected":false},"author":5,"featured_media":37085,"comment_status":"closed","ping_status":"closed","sticky":false,"template":"","format":"standard","meta":{"_et_pb_use_builder":"on","_et_pb_old_content":"","_et_gb_content_width":"","footnotes":""},"categories":[26,27],"tags":[],"class_list":["post-37084","post","type-post","status-publish","format-standard","has-post-thumbnail","hentry","category-feiras-e-eventos","category-news-padaria-e-pastelaria-noticias"],"_links":{"self":[{"href":"https:\/\/felino.pt\/es\/wp-json\/wp\/v2\/posts\/37084","targetHints":{"allow":["GET"]}}],"collection":[{"href":"https:\/\/felino.pt\/es\/wp-json\/wp\/v2\/posts"}],"about":[{"href":"https:\/\/felino.pt\/es\/wp-json\/wp\/v2\/types\/post"}],"author":[{"embeddable":true,"href":"https:\/\/felino.pt\/es\/wp-json\/wp\/v2\/users\/5"}],"replies":[{"embeddable":true,"href":"https:\/\/felino.pt\/es\/wp-json\/wp\/v2\/comments?post=37084"}],"version-history":[{"count":6,"href":"https:\/\/felino.pt\/es\/wp-json\/wp\/v2\/posts\/37084\/revisions"}],"predecessor-version":[{"id":37094,"href":"https:\/\/felino.pt\/es\/wp-json\/wp\/v2\/posts\/37084\/revisions\/37094"}],"wp:featuredmedia":[{"embeddable":true,"href":"https:\/\/felino.pt\/es\/wp-json\/wp\/v2\/media\/37085"}],"wp:attachment":[{"href":"https:\/\/felino.pt\/es\/wp-json\/wp\/v2\/media?parent=37084"}],"wp:term":[{"taxonomy":"category","embeddable":true,"href":"https:\/\/felino.pt\/es\/wp-json\/wp\/v2\/categories?post=37084"},{"taxonomy":"post_tag","embeddable":true,"href":"https:\/\/felino.pt\/es\/wp-json\/wp\/v2\/tags?post=37084"}],"curies":[{"name":"wp","href":"https:\/\/api.w.org\/{rel}","templated":true}]}}