{"id":37099,"date":"2023-09-16T10:44:00","date_gmt":"2023-09-16T09:44:00","guid":{"rendered":"https:\/\/felino.pt\/?p=37099"},"modified":"2024-06-16T10:44:19","modified_gmt":"2024-06-16T09:44:19","slug":"feline-en-iba-2023","status":"publish","type":"post","link":"https:\/\/felino.pt\/es\/feline-en-iba-2023\/","title":{"rendered":"FELINO en IBA 2023"},"content":{"rendered":"<p>[et_pb_section fb_built=\"1\u2033 admin_label=\"secci\u00f3n\" _builder_version=\"4.16\u2033 global_colors_info=\"{}\" theme_builder_area=\"et_body_layout\"][et_pb_row admin_label=\"fila\" _builder_version=\"4.16\u2033 background_size=\"initial\" background_position=\"top_left\" background_repeat=\"repeat\" global_colors_info=\"{}\" theme_builder_area=\"et_body_layout\"][et_pb_column type=\"4_4\u2033 _builder_version=\"4.16\u2033 custom_padding=\"||\" global_colors_info=\"{}\" custom_padding__hover=\"||\" theme_builder_area=\"et_body_layout\"][et_pb_text _builder_version=\"4.25.2\u2033 _module_preset=\"default\" header_2_font_size=\"16px\" hover_enabled=\"0\u2033 global_colors_info=\"{}\" theme_builder_area=\"et_body_layout\" sticky_enabled=\"0\u2033]<\/p>\n<h1 style=\"text-align: center;\">FELINO en IBA 2023<\/h1>\n<p><strong><\/strong><\/p>\n<p><span>FELINO se complace en anunciar que estar\u00e1 presente en la feria internacional IBA2023 del 22 al 26 de octubre con nuevos equipos y soluciones.<\/span><span><br \/><\/span><span><br \/><\/span><span>Este evento le brinda una oportunidad \u00fanica de conocer de primera mano nuestras soluciones de vanguardia, donde estaremos presentes para ofrecerle informaci\u00f3n detallada y realizar demostraciones de nuestros equipos.<\/span><span><br \/><\/span><span><br \/><\/span><span>Vis\u00edtenos en el stand B2.335 para probar nuestras soluciones para su fabricaci\u00f3n y conocer de primera mano las nuevas m\u00e1quinas a su disposici\u00f3n.<\/span><\/p>\n<p>[\/et_pb_text][et_pb_image src=\"https:\/\/felino.pt\/wp-content\/uploads\/2024\/06\/IBA2023.png\" alt=\"IBA 2023, feria internacional, IBA, M\u00e1quinas de panader\u00eda y pasteler\u00eda, FELINO\" title_text=\"IBA2023\u2033 _builder_version=\"4.25.2\u2033 _module_preset=\"default\" width=\"100%\" module_alignment=\"center\" hover_enabled=\"0\u2033 global_colors_info=\"{}\" theme_builder_area=\"et_body_layout\" sticky_enabled=\"0\u2033][\/et_pb_image][\/et_pb_column][\/et_pb_row][\/et_pb_section]<\/p>","protected":false},"excerpt":{"rendered":"<p>FELINO en IBA 2023 FELINO se complace en anunciar que estar\u00e1 presente en la feria internacional IBA2023 del 22 al 26 de octubre con nuevos equipos y soluciones. Este evento ofrece una oportunidad \u00fanica para que usted pueda experimentar de primera mano nuestras soluciones de \u00faltima generaci\u00f3n, donde estaremos a su disposici\u00f3n para proporcionar informaci\u00f3n detallada y demostrar nuestros equipos.Vis\u00edtenos en el stand B2.335 para experimentar nuestras soluciones para su fabricaci\u00f3n y ver de primera mano las nuevas m\u00e1quinas a su disposici\u00f3n.<\/p>","protected":false},"author":3,"featured_media":37100,"comment_status":"closed","ping_status":"closed","sticky":false,"template":"","format":"standard","meta":{"_et_pb_use_builder":"on","_et_pb_old_content":"","_et_gb_content_width":"","footnotes":""},"categories":[26,27],"tags":[],"class_list":["post-37099","post","type-post","status-publish","format-standard","has-post-thumbnail","hentry","category-feiras-e-eventos","category-news-padaria-e-pastelaria-noticias"],"_links":{"self":[{"href":"https:\/\/felino.pt\/es\/wp-json\/wp\/v2\/posts\/37099","targetHints":{"allow":["GET"]}}],"collection":[{"href":"https:\/\/felino.pt\/es\/wp-json\/wp\/v2\/posts"}],"about":[{"href":"https:\/\/felino.pt\/es\/wp-json\/wp\/v2\/types\/post"}],"author":[{"embeddable":true,"href":"https:\/\/felino.pt\/es\/wp-json\/wp\/v2\/users\/3"}],"replies":[{"embeddable":true,"href":"https:\/\/felino.pt\/es\/wp-json\/wp\/v2\/comments?post=37099"}],"version-history":[{"count":4,"href":"https:\/\/felino.pt\/es\/wp-json\/wp\/v2\/posts\/37099\/revisions"}],"predecessor-version":[{"id":37106,"href":"https:\/\/felino.pt\/es\/wp-json\/wp\/v2\/posts\/37099\/revisions\/37106"}],"wp:featuredmedia":[{"embeddable":true,"href":"https:\/\/felino.pt\/es\/wp-json\/wp\/v2\/media\/37100"}],"wp:attachment":[{"href":"https:\/\/felino.pt\/es\/wp-json\/wp\/v2\/media?parent=37099"}],"wp:term":[{"taxonomy":"category","embeddable":true,"href":"https:\/\/felino.pt\/es\/wp-json\/wp\/v2\/categories?post=37099"},{"taxonomy":"post_tag","embeddable":true,"href":"https:\/\/felino.pt\/es\/wp-json\/wp\/v2\/tags?post=37099"}],"curies":[{"name":"wp","href":"https:\/\/api.w.org\/{rel}","templated":true}]}}