{"id":37167,"date":"2023-10-30T15:35:29","date_gmt":"2023-10-30T15:35:29","guid":{"rendered":"https:\/\/felino.pt\/?p=37167"},"modified":"2025-02-03T11:21:39","modified_gmt":"2025-02-03T11:21:39","slug":"iba-2023-gracias-por-su-visita","status":"publish","type":"post","link":"https:\/\/felino.pt\/es\/iba-2023-gracias-por-su-visita\/","title":{"rendered":"IBA 2023: Gracias por su visita"},"content":{"rendered":"<p>[et_pb_section fb_built=\"1\u2033 _builder_version=\"4.22.2\u2033 _module_preset=\"default\" custom_margin=\"||0px|false|false\" custom_padding=\"||0px|false|false\" bottom_divider_style=\"none\" bottom_divider_color=\"#f2f2f2\u2033 bottom_divider_height=\"99px\" bottom_divider_repeat=\"1x\" bottom_divider_height_phone=\"30px\" bottom_divider_height_last_edited=\"off|phone\" bottom_divider_repeat_tablet=\"1x\" bottom_divider_repeat_phone=\"1x\" bottom_divider_repeat_last_edited=\"on|phone\" global_colors_info=\"{}\" theme_builder_area=\"et_body_layout\"][et_pb_row use_custom_gutter=\"on\" gutter_width=\"2\u2033 _builder_version=\"4.25.0\u2033 _module_preset=\"default\" global_colors_info=\"{}\" theme_builder_area=\"et_body_layout\"][et_pb_column type=\"4_4\u2033 _builder_version=\"4.22.2\u2033 _module_preset=\"default\" global_colors_info=\"{}\" theme_builder_area=\"et_body_layout\"][et_pb_post_title meta=\"off\" featured_image=\"off\" _builder_version=\"4.25.2\u2033 _module_preset=\"default\" title_font=\"spartan semibold||||||||\" title_text_align=\"center\" title_line_height=\"1.3em\" sticky_position=\"top\" sticky_limit_bottom=\"row\" title_font_size_tablet=\"29px\" title_font_size_phone=\"27px\" title_font_size_last_edited=\"on|tablet\" sticky_position_tablet=\"none\" sticky_position_phone=\"none\" sticky_position_last_edited=\"on|phone\" global_colors_info=\"{}\" theme_builder_area=\"et_body_layout\"][\/et_pb_post_title][et_pb_text _builder_version=\"4.25.2\u2033 _module_preset=\"default\" hover_enabled=\"0\u2033 global_colors_info=\"{}\" theme_builder_area=\"et_body_layout\" sticky_enabled=\"0\u2033]<\/p>\n<p><span><strong>En nombre de todo el equipo de FELINO, queremos dar las gracias a todos los visitantes, amigos y clientes que se acercaron a nuestro stand en la IBA 2023 de M\u00fanich para conocer de cerca los \u00faltimos lanzamientos.<\/strong><\/p>\n<p>Si no has tenido la oportunidad de estar con nosotros, ver los nuevos equipos y probar todas las soluciones<span class=\"white-space-pre\"> FELINO<\/span>No dude en reservar una visita a nuestra sala de exposici\u00f3n y probar de primera mano nuestras m\u00e1quinas de panader\u00eda y pasteler\u00eda.<\/p>\n<p>Para m\u00e1s informaci\u00f3n, p\u00f3ngase en contacto con<span class=\"white-space-pre\"> <\/span><a class=\"app-aware-link\" target=\"_self\" href=\"mailto:info@felino.pt\" data-test-app-aware-link=\"\" rel=\"noopener\">info@felino.pt<\/a><\/span><\/p>\n<p>[\/et_pb_text][et_pb_image src=\"https:\/\/felino.pt\/wp-content\/uploads\/2024\/06\/IBA-2023.jpeg\" alt=\"IBA 2023, FELINO, feria internacional, M\u00e1quinas de panader\u00eda y pasteler\u00eda\" title_text=\"IBA 2023\u2033 _builder_version=\"4.25.2\u2033 _module_preset=\"default\" hover_enabled=\"0\u2033 global_colors_info=\"{}\" theme_builder_area=\"et_body_layout\" sticky_enabled=\"0\u2033][\/et_pb_image][\/et_pb_column][\/et_pb_row][\/et_pb_section][et_pb_row _builder_version=\"4.24.3\u2033 _module_preset=\"default\" custom_padding=\"120px||||false|false\" global_colors_info=\"{}\" theme_builder_area=\"et_body_layout\"][et_pb_column type=\"4_4\u2033 _builder_version=\"4.24.2\u2033 _module_preset=\"default\" global_colours_info=\"{}\" theme_builder_area=\"et_body_layout\"][et_pb_text _builder_version=\"4.24.3\u2033 _module_preset=\"default\" global_colours_info=\"{}\" theme_builder_area=\"et_body_layout\"]<\/p>\n<h2>Otras noticias<\/h2>\n<p>[\/et_pb_text][brbl_post_carousel include_categories=\"25\u2033 order=\"DESC\" post_count=\"4\u2033 layout=\"layout4\u2033 show_avatar=\"off\" show_author=\"off\" show_date=\"off\" slide_count=\"3\u2033 slide_count_tablet=\"2\u2033 slide_count_phone=\"1\u2033 slide_count_last_edited=\"on|phone\" _builder_version=\"4.24.2\u2033 _module_preset=\"default\" locked=\"off\" global_colors_info=\"{}\" theme_builder_area=\"et_body_layout\"][\/brbl_post_carousel][\/et_pb_column][\/et_pb_row]<\/p>","protected":false},"excerpt":{"rendered":"<p>En nombre de todo el equipo FELINO, queremos dar las gracias a todos los visitantes, amigos y clientes que se acercaron a nuestro stand en la feria IBA 2023 de M\u00fanich para conocer de cerca los \u00faltimos lanzamientos. Si a\u00fan no ha tenido la oportunidad de conocernos, ver los nuevos equipos y probar todas las soluciones FELINO, no dude en reservar una visita a nuestro showroom y probar de primera mano las m\u00e1quinas de panader\u00eda y pasteler\u00eda. Para m\u00e1s informaci\u00f3n, p\u00f3ngase en contacto con info@felino.ptOutras News<div class=\"et_pb_module brbl_post_carousel brbl_post_carousel_0\">\n\t\t\t\t\n\t\t\t\t\n\t\t\t\t\n\t\t\t\t\n\t\t\t\t\n\t\t\t\t\n\t\t\t\t<div class=\"et_pb_module_inner\">\n\t\t\t\t\t<div class=\"brbl-carousel brbl-blog-carousel brbl-carousel-frontend equal-height-on\" data-settings=\"{&quot;responsive&quot;:[{&quot;breakpoint&quot;:980,&quot;settings&quot;:{&quot;slidesToShow&quot;:2}},{&quot;breakpoint&quot;:767,&quot;settings&quot;:{&quot;slidesToShow&quot;:1}}],&quot;rtl&quot;:false,&quot;cssEase&quot;:&quot;ease-in-out&quot;,&quot;swipe&quot;:true,&quot;variableWidth&quot;:false,&quot;dots&quot;:false,&quot;arrows&quot;:true,&quot;infinite&quot;:true,&quot;autoplay&quot;:true,&quot;autoplaySpeed&quot;:2000,&quot;speed&quot;:700,&quot;slidesToShow&quot;:3,&quot;slidesToScroll&quot;:1,&quot;centerPadding&quot;:&quot;70px&quot;,&quot;centerMode&quot;:false,&quot;prevArrow&quot;:&quot;&lt;button type=\\&quot;button\\&quot; data-icon=\\&quot;4\\&quot; class=\\&quot;slick-arrow slick-prev\\&quot;&gt;Prev&lt;\\\/button&gt;&quot;,&quot;nextArrow&quot;:&quot;&lt;button type=\\&quot;button\\&quot; data-icon=\\&quot;5\\&quot; class=\\&quot;slick-arrow slick-next\\&quot;&gt;Prev&lt;\\\/button&gt;&quot;}\" dir=\"ltr\">\r\n                <div class=\"brbl-blog-item brbl-blog-item-layout4-0\">\r\n        <article class=\"brbl-post-card brbl-post-card-4\">\r\n\t\t\t<figure class=\"brbl-post-thumb\">\r\n\t\t\t\t<a href=\"https:\/\/felino.pt\/es\/feline-fork-kneader-un-legado-de-calidad-que-resiste-el-paso-del-tiempo\/\">\r\n\t\t\t\t\t<div class=\"brbl-overlay\" data-icon=\"\"><\/div>\r\n\t\t\t\t\t<img width=\"1200\" height=\"1245\" src=\"https:\/\/felino.pt\/wp-content\/uploads\/2025\/03\/4ed3228e-a5a1-ce28-6e0e-87a46c6a4da6.jpeg\" class=\"attachment-full size-full wp-post-image\" alt=\"\" decoding=\"async\" srcset=\"https:\/\/felino.pt\/wp-content\/uploads\/2025\/03\/4ed3228e-a5a1-ce28-6e0e-87a46c6a4da6.jpeg 1200w, https:\/\/felino.pt\/wp-content\/uploads\/2025\/03\/4ed3228e-a5a1-ce28-6e0e-87a46c6a4da6-980x1017.jpeg 980w, https:\/\/felino.pt\/wp-content\/uploads\/2025\/03\/4ed3228e-a5a1-ce28-6e0e-87a46c6a4da6-480x498.jpeg 480w\" sizes=\"(min-width: 0px) and (max-width: 480px) 480px, (min-width: 481px) and (max-width: 980px) 980px, (min-width: 981px) 1200px, 100vw\" \/>\r\n\t\t\t\t<\/a>\r\n\t\t\t\t\r\n\t\t\t<\/figure>\r\n\t\t\t<div class=\"brbl-author-avatar\"><img decoding=\"async\" src=\"https:\/\/secure.gravatar.com\/avatar\/9636cb891850eb827663010be4619af0d71ac7b9b86739fa5c3b4dbc4a757116?s=96&#038;d=mm&#038;r=g\"><\/div>\r\n            <div class=\"brbl-blog-content\">\r\n\t\t\t\t<h4 class=\"brbl-post-title\">\r\n                <a href=\"https:\/\/felino.pt\/es\/feline-fork-kneader-un-legado-de-calidad-que-resiste-el-paso-del-tiempo\/\">Amasadora de horquilla en funcionamiento desde 1984<\/a>\r\n            <\/h4>\r\n\t\t\t\t<div class=\"brbl-post-excerpt\">FELINO destaca por la durabilidad y la excelencia de sus equipos, como demuestran...<\/div>\r\n                <div class=\"brbl-blog-meta\">\r\n                    \r\n                    \r\n                <\/div>\r\n            <\/div>\r\n        <\/article>\r\n    <\/div><div class=\"brbl-blog-item brbl-blog-item-layout4-0\">\r\n        <article class=\"brbl-post-card brbl-post-card-4\">\r\n\t\t\t<figure class=\"brbl-post-thumb\">\r\n\t\t\t\t<a href=\"https:\/\/felino.pt\/es\/feline-fork-kneader-un-legado-de-calidad-que-resiste-el-paso-del-tiempo-2\/\">\r\n\t\t\t\t\t<div class=\"brbl-overlay\" data-icon=\"\"><\/div>\r\n\t\t\t\t\t<img width=\"662\" height=\"726\" src=\"https:\/\/felino.pt\/wp-content\/uploads\/2025\/03\/3dd53dc7-f44c-9279-20c1-6201a79ec514.png\" class=\"attachment-full size-full wp-post-image\" alt=\"Pan y mantequilla, equipos FELINO\" decoding=\"async\" srcset=\"https:\/\/felino.pt\/wp-content\/uploads\/2025\/03\/3dd53dc7-f44c-9279-20c1-6201a79ec514.png 662w, https:\/\/felino.pt\/wp-content\/uploads\/2025\/03\/3dd53dc7-f44c-9279-20c1-6201a79ec514-480x526.png 480w\" sizes=\"(min-width: 0px) and (max-width: 480px) 480px, (min-width: 481px) 662px, 100vw\" \/>\r\n\t\t\t\t<\/a>\r\n\t\t\t\t\r\n\t\t\t<\/figure>\r\n\t\t\t<div class=\"brbl-author-avatar\"><img decoding=\"async\" src=\"https:\/\/secure.gravatar.com\/avatar\/6b7cf19525ceb0422bf1170644b72c712a64b72aba567aef03a7694eac5ecb65?s=96&#038;d=mm&#038;r=g\"><\/div>\r\n            <div class=\"brbl-blog-content\">\r\n\t\t\t\t<h4 class=\"brbl-post-title\">\r\n                <a href=\"https:\/\/felino.pt\/es\/feline-fork-kneader-un-legado-de-calidad-que-resiste-el-paso-del-tiempo-2\/\">Bread and Butter y FELINO: una asociaci\u00f3n de calidad y tradici\u00f3n<\/a>\r\n            <\/h4>\r\n\t\t\t\t<div class=\"brbl-post-excerpt\">P\u00e3o com Manteiga, fundada en 2019 por Luiz Silva, es una panader\u00eda artesanal reconocida en el Algarve....<\/div>\r\n                <div class=\"brbl-blog-meta\">\r\n                    \r\n                    \r\n                <\/div>\r\n            <\/div>\r\n        <\/article>\r\n    <\/div><div class=\"brbl-blog-item brbl-blog-item-layout4-0\">\r\n        <article class=\"brbl-post-card brbl-post-card-4\">\r\n\t\t\t<figure class=\"brbl-post-thumb\">\r\n\t\t\t\t<a href=\"https:\/\/felino.pt\/es\/divisor-de-masa-2\/\">\r\n\t\t\t\t\t<div class=\"brbl-overlay\" data-icon=\"\"><\/div>\r\n\t\t\t\t\t<img width=\"1638\" height=\"2048\" src=\"https:\/\/felino.pt\/wp-content\/uploads\/2025\/02\/SIRHA-Lyon2025.jpg\" class=\"attachment-full size-full wp-post-image\" alt=\"SIRHA Lyon2025\" decoding=\"async\" srcset=\"https:\/\/felino.pt\/wp-content\/uploads\/2025\/02\/SIRHA-Lyon2025.jpg 1638w, https:\/\/felino.pt\/wp-content\/uploads\/2025\/02\/SIRHA-Lyon2025-1280x1600.jpg 1280w, https:\/\/felino.pt\/wp-content\/uploads\/2025\/02\/SIRHA-Lyon2025-980x1225.jpg 980w, https:\/\/felino.pt\/wp-content\/uploads\/2025\/02\/SIRHA-Lyon2025-480x600.jpg 480w\" sizes=\"(min-width: 0px) and (max-width: 480px) 480px, (min-width: 481px) and (max-width: 980px) 980px, (min-width: 981px) and (max-width: 1280px) 1280px, (min-width: 1281px) 1638px, 100vw\" \/>\r\n\t\t\t\t<\/a>\r\n\t\t\t\t\r\n\t\t\t<\/figure>\r\n\t\t\t<div class=\"brbl-author-avatar\"><img decoding=\"async\" src=\"https:\/\/secure.gravatar.com\/avatar\/6b7cf19525ceb0422bf1170644b72c712a64b72aba567aef03a7694eac5ecb65?s=96&#038;d=mm&#038;r=g\"><\/div>\r\n            <div class=\"brbl-blog-content\">\r\n\t\t\t\t<h4 class=\"brbl-post-title\">\r\n                <a href=\"https:\/\/felino.pt\/es\/divisor-de-masa-2\/\">FELINO en SIRHA Lyon 2025<\/a>\r\n            <\/h4>\r\n\t\t\t\t<div class=\"brbl-post-excerpt\">Entre el 23 y el 27 de enero, FELINO estuvo presente en SIRHA Lyon, uno de los...<\/div>\r\n                <div class=\"brbl-blog-meta\">\r\n                    \r\n                    \r\n                <\/div>\r\n            <\/div>\r\n        <\/article>\r\n    <\/div><div class=\"brbl-blog-item brbl-blog-item-layout4-0\">\r\n        <article class=\"brbl-post-card brbl-post-card-4\">\r\n\t\t\t<figure class=\"brbl-post-thumb\">\r\n\t\t\t\t<a href=\"https:\/\/felino.pt\/es\/amasadora-espiral-felino-sl\/\">\r\n\t\t\t\t\t<div class=\"brbl-overlay\" data-icon=\"\"><\/div>\r\n\t\t\t\t\t<img width=\"1920\" height=\"1080\" src=\"https:\/\/felino.pt\/wp-content\/uploads\/2023\/12\/Amassadeira-Espiral-FELINO-Tina-Fixa-SL_1.png\" class=\"attachment-full size-full wp-post-image\" alt=\"Amasadora FELINO\" decoding=\"async\" srcset=\"https:\/\/felino.pt\/wp-content\/uploads\/2023\/12\/Amassadeira-Espiral-FELINO-Tina-Fixa-SL_1.png 1920w, https:\/\/felino.pt\/wp-content\/uploads\/2023\/12\/Amassadeira-Espiral-FELINO-Tina-Fixa-SL_1-1280x720.png 1280w, https:\/\/felino.pt\/wp-content\/uploads\/2023\/12\/Amassadeira-Espiral-FELINO-Tina-Fixa-SL_1-980x551.png 980w, https:\/\/felino.pt\/wp-content\/uploads\/2023\/12\/Amassadeira-Espiral-FELINO-Tina-Fixa-SL_1-480x270.png 480w\" sizes=\"(min-width: 0px) and (max-width: 480px) 480px, (min-width: 481px) and (max-width: 980px) 980px, (min-width: 981px) and (max-width: 1280px) 1280px, (min-width: 1281px) 1920px, 100vw\" \/>\r\n\t\t\t\t<\/a>\r\n\t\t\t\t\r\n\t\t\t<\/figure>\r\n\t\t\t<div class=\"brbl-author-avatar\"><img decoding=\"async\" src=\"https:\/\/secure.gravatar.com\/avatar\/6b7cf19525ceb0422bf1170644b72c712a64b72aba567aef03a7694eac5ecb65?s=96&#038;d=mm&#038;r=g\"><\/div>\r\n            <div class=\"brbl-blog-content\">\r\n\t\t\t\t<h4 class=\"brbl-post-title\">\r\n                <a href=\"https:\/\/felino.pt\/es\/amasadora-espiral-felino-sl\/\">Mezcladora espiral FELINO SL<\/a>\r\n            <\/h4>\r\n\t\t\t\t<div class=\"brbl-post-excerpt\">Descubra c\u00f3mo la mezcladora en espiral FELINO SL contribuye a la eficacia de su producci\u00f3n y garantiza...<\/div>\r\n                <div class=\"brbl-blog-meta\">\r\n                    \r\n                    \r\n                <\/div>\r\n            <\/div>\r\n        <\/article>\r\n    <\/div>\r\n            <\/div>\n\t\t\t\t<\/div>\n\t\t\t<\/div><\/p>","protected":false},"author":5,"featured_media":37168,"comment_status":"closed","ping_status":"closed","sticky":false,"template":"","format":"standard","meta":{"_et_pb_use_builder":"on","_et_pb_old_content":"","_et_gb_content_width":"","footnotes":""},"categories":[26,27],"tags":[],"class_list":["post-37167","post","type-post","status-publish","format-standard","has-post-thumbnail","hentry","category-feiras-e-eventos","category-news-padaria-e-pastelaria-noticias"],"_links":{"self":[{"href":"https:\/\/felino.pt\/es\/wp-json\/wp\/v2\/posts\/37167","targetHints":{"allow":["GET"]}}],"collection":[{"href":"https:\/\/felino.pt\/es\/wp-json\/wp\/v2\/posts"}],"about":[{"href":"https:\/\/felino.pt\/es\/wp-json\/wp\/v2\/types\/post"}],"author":[{"embeddable":true,"href":"https:\/\/felino.pt\/es\/wp-json\/wp\/v2\/users\/5"}],"replies":[{"embeddable":true,"href":"https:\/\/felino.pt\/es\/wp-json\/wp\/v2\/comments?post=37167"}],"version-history":[{"count":3,"href":"https:\/\/felino.pt\/es\/wp-json\/wp\/v2\/posts\/37167\/revisions"}],"predecessor-version":[{"id":37172,"href":"https:\/\/felino.pt\/es\/wp-json\/wp\/v2\/posts\/37167\/revisions\/37172"}],"wp:featuredmedia":[{"embeddable":true,"href":"https:\/\/felino.pt\/es\/wp-json\/wp\/v2\/media\/37168"}],"wp:attachment":[{"href":"https:\/\/felino.pt\/es\/wp-json\/wp\/v2\/media?parent=37167"}],"wp:term":[{"taxonomy":"category","embeddable":true,"href":"https:\/\/felino.pt\/es\/wp-json\/wp\/v2\/categories?post=37167"},{"taxonomy":"post_tag","embeddable":true,"href":"https:\/\/felino.pt\/es\/wp-json\/wp\/v2\/tags?post=37167"}],"curies":[{"name":"wp","href":"https:\/\/api.w.org\/{rel}","templated":true}]}}