{"id":38002,"date":"2025-02-05T15:48:30","date_gmt":"2025-02-05T15:48:30","guid":{"rendered":"https:\/\/felino.pt\/?p=38002"},"modified":"2025-03-28T14:30:57","modified_gmt":"2025-03-28T14:30:57","slug":"feline-fork-kneader-un-legado-de-calidad-que-resiste-el-paso-del-tiempo-2","status":"publish","type":"post","link":"https:\/\/felino.pt\/es\/feline-fork-kneader-un-legado-de-calidad-que-resiste-el-paso-del-tiempo-2\/","title":{"rendered":"Bread and Butter y FELINO: una asociaci\u00f3n de calidad y tradici\u00f3n"},"content":{"rendered":"<p>[et_pb_section fb_built=\"1\u2033 _builder_version=\"4.27.4\u2033 _module_preset=\"default\" custom_margin=\"||0px|false|false\" custom_padding=\"||50px|false|false\" bottom_divider_style=\"none\" bottom_divider_color=\"#f2f2f2\u2033 bottom_divider_height=\"99px\" bottom_divider_repeat=\"1x\" bottom_divider_height_phone=\"30px\" bottom_divider_height_last_edited=\"off|phone\" bottom_divider_repeat_tablet=\"1x\" bottom_divider_repeat_phone=\"1x\" bottom_divider_repeat_last_edited=\"on|phone\" global_colors_info=\"{}\" theme_builder_area=\"post_content\"][et_pb_row use_custom_gutter=\"on\" gutter_width=\"2\u2033 _builder_version=\"4.25.0\u2033 _module_preset=\"default\" global_colors_info=\"{}\" theme_builder_area=\"post_content\"][et_pb_column type=\"4_4\u2033 _builder_version=\"4.22.2\u2033 _module_preset=\"default\" global_colors_info=\"{}\" theme_builder_area=\"post_content\"][et_pb_post_title title=\"off\" meta=\"off\" featured_image=\"off\" _builder_version=\"4.27.3\u2033 _module_preset=\"default\" title_font=\"spartan semibold||||||||\" title_text_align=\"center\" title_line_height=\"1.3em\" sticky_position=\"top\" sticky_limit_bottom=\"row\" title_font_size_tablet=\"29px\" title_font_size_phone=\"27px\" title_font_size_last_edited=\"on|tablet\" sticky_position_tablet=\"none\" sticky_position_phone=\"none\" sticky_position_last_edited=\"on|phone\" global_colors_info=\"{}\" theme_builder_area=\"post_content\"][\/et_pb_post_title][et_pb_text _builder_version=\"4.27.4\u2033 _module_preset=\"default\" header_text_align=\"center\" header_text_color=\"#EF8D23\u2033 header_font_size=\"22px\" header_2_text_align=\"center\" header_2_text_color=\"#EF8D23\u2033 header_2_font_size=\"18px\" custom_padding=\"||30px||false|false\" hover_enabled=\"0\u2033 global_colors_info=\"{}\" theme_builder_area=\"post_content\" sticky_enabled=\"0\u2033]<\/p>\n<h1>Bread and Butter y FELINO: una asociaci\u00f3n de calidad y tradici\u00f3n<\/h1>\n<h5 style=\"text-align: center;\">Conozca la historia de \u00e9xito de Luiz Silva y el papel de las m\u00e1quinas FELINO<\/h5>\n<p>[\/et_pb_text][et_pb_text _builder_version=\"4.27.4\u2033 _module_preset=\"default\" header_2_text_color=\"#EF8D23\u2033 header_2_font_size=\"18px\" global_colors_info=\"{}\" theme_builder_area=\"post_content\"]<\/p>\n<p>P\u00e3o com Manteiga es hoy una de las panader\u00edas artesanales m\u00e1s reconocidas del Algarve, con una historia de <br \/>de dedicaci\u00f3n y pasi\u00f3n que combina tradici\u00f3n e innovaci\u00f3n en la producci\u00f3n de pan de levadura natural. Desde <br \/>desde su fundaci\u00f3n en 2019, se ha ganado a un p\u00fablico exigente que valora la autenticidad de sus <br \/>y el compromiso de su fundador, Luiz Silva, con la excelencia. <br \/>El crecimiento de P\u00e3o com Manteiga es el resultado de la dedicaci\u00f3n del equipo y de la cuidadosa selecci\u00f3n de productos. <br \/>ingredientes, sino tambi\u00e9n la elecci\u00f3n de equipos que garanticen una producci\u00f3n eficaz sin <br \/>comprometer la calidad de la artesan\u00eda. Para garantizar la coherencia y la precisi\u00f3n en cada lote producido, <br \/>Luiz Silva se ha asociado con FELINO, marca l\u00edder en la producci\u00f3n de m\u00e1quinas de panader\u00eda y catering. <br \/>pasteler\u00eda durante 88 a\u00f1os. <\/p>\n<p>[\/et_pb_text][et_pb_image src=\u201dhttps:\/\/felino.pt\/wp-content\/uploads\/2025\/03\/3dd53dc7-f44c-9279-20c1-6201a79ec514.png\u201d title_text=\u201d3dd53dc7-f44c-9279-20c1-6201a79ec514\u2033 _builder_version=\u201d4.27.4\u2033 _module_preset=\"default\" hover_enabled=\"0\u2033 global_colors_info=\"{}\" theme_builder_area=\"post_content\" alt=\"Pan y mantequilla, equipamiento FELINO\" align=\"center\" sticky_enabled=\"0\u2033 custom_padding=\"||50px||false|false\"][\/et_pb_image][et_pb_text _builder_version=\"4.27.27.4\u2033 _module_preset=\"default\" header_text_align=\"center\" header_text_color=\"#EF8D23\u2033 header_font_size=\"22px\" header_2_text_align=\"center\" header_2_text_color=\"#EF8D23\u2033 header_2_font_size=\"18px\" custom_padding=\"||30px||false|false\" hover_enabled=\"0\u2033 global_colors_info=\"{}\" theme_builder_area=\"post_content\" sticky_enabled=\"0\u2033]<\/p>\n<h2>Conozca la historia de \u00e9xito de Luiz Silva y el papel de las m\u00e1quinas FELINO<\/h2>\n<p>[\/et_pb_text][et_pb_text _builder_version=\"4.27.4\u2033 _module_preset=\"default\" header_2_text_color=\"#EF8D23\u2033 header_2_font_size=\"18px\" global_colors_info=\"{}\" theme_builder_area=\"post_content\"]<\/p>\n<p>Antes de dedicarse exclusivamente a la reposter\u00eda, Luiz Silva tuvo una prometedora carrera en la cocina <br \/>profesional. Todo empez\u00f3 cuando, en sus d\u00edas libres en el restaurante S\u00e3o Gabriel de Almancil, empez\u00f3 a <br \/>haciendo pan para vecinos y colegas. \"Poco a poco me fui enamorando y empec\u00e9 a hacer <br \/>pan para el personal, para los clientes, para mis vecinos. Todo crec\u00eda\", dice Luiz Silva. Lo que <br \/>parec\u00eda ser s\u00f3lo una experiencia puntual, r\u00e1pidamente se convirti\u00f3 en un proyecto de vida, que <br \/>llev\u00f3 a la creaci\u00f3n de P\u00e3o com Manteiga en 2019, que ya es un referente tanto por su calidad como por su <br \/>mediante fermentaci\u00f3n natural, un m\u00e9todo que Luiz aprendi\u00f3 y perfeccion\u00f3 a lo largo de los a\u00f1os. <br \/>Desde entonces, la marca ha crecido considerablemente y ahora cuenta con una nueva f\u00e1brica en Loul\u00e9. A <br \/>Su apuesta por la fermentaci\u00f3n natural y los ingredientes de calidad, como la flor de sal de Castro Marim, distingue a la panader\u00eda en el mercado. Sin embargo, elaborar productos artesanales a gran escala requiere precisi\u00f3n y <br \/>fiabilidad, que s\u00f3lo es posible con el equipo adecuado.<\/p>\n<p>[\/et_pb_text][et_pb_image src=\u201dhttps:\/\/felino.pt\/wp-content\/uploads\/2025\/03\/05f56e14-6590-e9c4-2025-f0f51f8a64b6.png\u201d title_text=\u201d05f56e14-6590-e9c4-2025-f0f51f8a64b6\u2033 _builder_version=\u201d4.27.4\u2033 _module_preset=\"default\" hover_enabled=\"0\u2033 global_colors_info=\"{}\" theme_builder_area=\"post_content\" alt=\"Pan y mantequilla, equipamiento FELINO\" align=\"center\" sticky_enabled=\"0\u2033 custom_padding=\"||50px||false|false\"][\/et_pb_image][et_pb_text _builder_version=\"4.27.27.4\u2033 _module_preset=\"default\" header_text_align=\"center\" header_text_color=\"#EF8D23\u2033 header_font_size=\"22px\" header_2_text_align=\"center\" header_2_text_color=\"#EF8D23\u2033 header_2_font_size=\"18px\" custom_padding=\"||30px||false|false\" global_colors_info=\"{}\" theme_builder_area=\"post_content\"]<\/p>\n<h2>Eficacia y calidad con las m\u00e1quinas FELINO<\/h2>\n<p>[\/et_pb_text][et_pb_text _builder_version=\"4.27.4\u2033 _module_preset=\"default\" header_2_text_color=\"#EF8D23\u2033 header_2_font_size=\"18px\" global_colors_info=\"{}\" theme_builder_area=\"post_content\"]<\/p>\n<p>P\u00e3o com Manteiga ha encontrado en las m\u00e1quinas FELINO la soluci\u00f3n ideal para una producci\u00f3n consistente y eficiente. <br \/>optimizados. Equipos como amasadoras y mezcladoras garantizan procesos homog\u00e9neos, <br \/>esencial para mantener los est\u00e1ndares de calidad. La robusta estructura de hierro fundido reduce las vibraciones y <br \/>ruido, al tiempo que garantiza un funcionamiento estable y silencioso. El sistema de velocidad variable <br \/>permite ajustar el proceso a cada receta y proporciona una mayor flexibilidad y un control total del proceso. <br \/>producci\u00f3n.<\/p>\n<p>[\/et_pb_text][et_pb_image src=\u201dhttps:\/\/felino.pt\/wp-content\/uploads\/2025\/03\/4bcb25fc-651a-eabb-9228-bf17de861ca7.png\u201d title_text=\u201d4bcb25fc-651a-eabb-9228-bf17de861ca7\u2033 _builder_version=\u201d4.27.4\u2033 _module_preset=\"default\" hover_enabled=\"0\u2033 global_colors_info=\"{}\" theme_builder_area=\"post_content\" alt=\"Pan y mantequilla, equipamiento FELINO\" align=\"center\" custom_padding=\"||50px|||false|false\" sticky_enabled=\"0\u2033][\/et_pb_image][et_pb_text _builder_version=\"4.27.4\u2033 _module_preset=\"default\" header_2_text_color=\"#EF8D23\u2033 header_2_font_size=\"18px\" hover_enabled=\"0\u2033 global_colors_info=\"{}\" theme_builder_area=\"post_content\" custom_padding=\"||50px|false|false\" sticky_enabled=\"0\u2033]<\/p>\n<p>La asociaci\u00f3n entre FELINO y P\u00e3o com Manteiga refuerza la importancia de combinar tradici\u00f3n y tecnolog\u00eda<br \/>crear productos excepcionales, mantener la autenticidad de la panader\u00eda artesanal y la eficacia<br \/>necesarios para la fabricaci\u00f3n profesional.<\/p>\n<p>[\/et_pb_text][et_pb_text _builder_version=\"4.27.4\u2033 _module_preset=\"default\" header_text_align=\"center\" header_text_color=\"#EF8D23\u2033 header_font_size=\"22px\" header_2_text_align=\"center\" header_2_text_color=\"#EF8D23\u2033 header_2_font_size=\"18px\" custom_padding=\"||30px||false|false\" global_colors_info=\"{}\" theme_builder_area=\"post_content\"]<\/p>\n<h2>Compromiso con la excelencia panadera<\/h2>\n<p>[\/et_pb_text][et_pb_text _builder_version=\"4.27.4\u2033 _module_preset=\"default\" header_2_text_color=\"#EF8D23\u2033 header_2_font_size=\"18px\" global_colors_info=\"{}\" theme_builder_area=\"post_content\"]<\/p>\n<p>En FELINO valoramos las colaboraciones que elevan la calidad del sector y garantizan soluciones s\u00f3lidas y<br \/>fiable para panaderos y empresarios que buscan la mejor tecnolog\u00eda para sus f\u00e1bricas. Con<br \/>equipos dise\u00f1ados para durar, FELINO es un socio estrat\u00e9gico para quienes desean<br \/>mantener la tradici\u00f3n sin sacrificar la innovaci\u00f3n.<\/p>\n<p><strong>Descubra c\u00f3mo las m\u00e1quinas FELINO pueden transformar su fabricaci\u00f3n. Contacte con nosotros o visite <\/strong><br \/><strong>felino.pt para descubrir toda nuestra gama de equipos.<\/strong><\/p>\n<p>[\/et_pb_text][\/et_pb_column][\/et_pb_row][\/et_pb_section]<\/p>","protected":false},"excerpt":{"rendered":"<p>P\u00e3o com Manteiga, fundada en 2019 por Luiz Silva, es una panader\u00eda artesanal reconocida en el Algarve por producir pan de fermentaci\u00f3n natural. Su calidad es el resultado de la dedicaci\u00f3n del equipo, la rigurosa selecci\u00f3n de ingredientes y el uso de equipos de FELINO, una marca con 88 a\u00f1os de experiencia. La panader\u00eda ha conquistado a un p\u00fablico exigente que valora la autenticidad y la excelencia de sus productos.<\/p>","protected":false},"author":5,"featured_media":38036,"comment_status":"closed","ping_status":"closed","sticky":false,"template":"","format":"standard","meta":{"_et_pb_use_builder":"on","_et_pb_old_content":"","_et_gb_content_width":"","footnotes":""},"categories":[27],"tags":[],"class_list":["post-38002","post","type-post","status-publish","format-standard","has-post-thumbnail","hentry","category-news-padaria-e-pastelaria-noticias"],"_links":{"self":[{"href":"https:\/\/felino.pt\/es\/wp-json\/wp\/v2\/posts\/38002","targetHints":{"allow":["GET"]}}],"collection":[{"href":"https:\/\/felino.pt\/es\/wp-json\/wp\/v2\/posts"}],"about":[{"href":"https:\/\/felino.pt\/es\/wp-json\/wp\/v2\/types\/post"}],"author":[{"embeddable":true,"href":"https:\/\/felino.pt\/es\/wp-json\/wp\/v2\/users\/5"}],"replies":[{"embeddable":true,"href":"https:\/\/felino.pt\/es\/wp-json\/wp\/v2\/comments?post=38002"}],"version-history":[{"count":5,"href":"https:\/\/felino.pt\/es\/wp-json\/wp\/v2\/posts\/38002\/revisions"}],"predecessor-version":[{"id":38039,"href":"https:\/\/felino.pt\/es\/wp-json\/wp\/v2\/posts\/38002\/revisions\/38039"}],"wp:featuredmedia":[{"embeddable":true,"href":"https:\/\/felino.pt\/es\/wp-json\/wp\/v2\/media\/38036"}],"wp:attachment":[{"href":"https:\/\/felino.pt\/es\/wp-json\/wp\/v2\/media?parent=38002"}],"wp:term":[{"taxonomy":"category","embeddable":true,"href":"https:\/\/felino.pt\/es\/wp-json\/wp\/v2\/categories?post=38002"},{"taxonomy":"post_tag","embeddable":true,"href":"https:\/\/felino.pt\/es\/wp-json\/wp\/v2\/tags?post=38002"}],"curies":[{"name":"wp","href":"https:\/\/api.w.org\/{rel}","templated":true}]}}