{"id":32938,"date":"2023-08-27T15:22:01","date_gmt":"2023-08-27T14:22:01","guid":{"rendered":"https:\/\/felino.4mcomunicacao.com.br\/?p=32938"},"modified":"2023-08-27T15:22:01","modified_gmt":"2023-08-27T14:22:01","slug":"3eme-congres-international-de-la-boulangerie-et-de-la-pizzeria","status":"publish","type":"post","link":"https:\/\/felino.pt\/fr\/3eme-congres-international-de-la-boulangerie-et-de-la-pizzeria\/","title":{"rendered":"3e congr\u00e8s international de la boulangerie, de la p\u00e2tisserie et de la pizzeria"},"content":{"rendered":"<p>FELINO SA - Bakery &amp; Pastry Machines a conclu sa pr\u00e9sence au salon Kapital PA \u00e0 Sabadell-Barcelone, o\u00f9 elle a particip\u00e9 au 3\u00e8me Congr\u00e8s International de la Boulangerie, P\u00e2tisserie et Pizzeria.<\/p>\n<p>Nous tenons \u00e0 remercier tous les clients et partenaires qui ont visit\u00e9 notre stand ainsi que tous les membres de notre \u00e9quipe.<\/p>","protected":false},"excerpt":{"rendered":"<p>A FELINO SA &#8211; Bakery &amp; Pastry Machines concluiu a presen\u00e7a na feira Kapital PA em Sabadell-Barcelona, onde participou do 3\u00ba Congresso Internacional de Padaria, Pastelaria e Pizzaria. Agradecemos a visita de todos os clientes e parceiros que estiverem presentes no nosso stand e a todos os elementos da nossa equipa.<\/p>","protected":false},"author":5,"featured_media":32939,"comment_status":"closed","ping_status":"closed","sticky":false,"template":"","format":"standard","meta":{"_et_pb_use_builder":"","_et_pb_old_content":"","_et_gb_content_width":"","footnotes":""},"categories":[26,27,25],"tags":[],"class_list":["post-32938","post","type-post","status-publish","format-standard","has-post-thumbnail","hentry","category-feiras-e-eventos","category-news-padaria-e-pastelaria-noticias","category-noticias"],"_links":{"self":[{"href":"https:\/\/felino.pt\/fr\/wp-json\/wp\/v2\/posts\/32938","targetHints":{"allow":["GET"]}}],"collection":[{"href":"https:\/\/felino.pt\/fr\/wp-json\/wp\/v2\/posts"}],"about":[{"href":"https:\/\/felino.pt\/fr\/wp-json\/wp\/v2\/types\/post"}],"author":[{"embeddable":true,"href":"https:\/\/felino.pt\/fr\/wp-json\/wp\/v2\/users\/5"}],"replies":[{"embeddable":true,"href":"https:\/\/felino.pt\/fr\/wp-json\/wp\/v2\/comments?post=32938"}],"version-history":[{"count":0,"href":"https:\/\/felino.pt\/fr\/wp-json\/wp\/v2\/posts\/32938\/revisions"}],"wp:featuredmedia":[{"embeddable":true,"href":"https:\/\/felino.pt\/fr\/wp-json\/wp\/v2\/media\/32939"}],"wp:attachment":[{"href":"https:\/\/felino.pt\/fr\/wp-json\/wp\/v2\/media?parent=32938"}],"wp:term":[{"taxonomy":"category","embeddable":true,"href":"https:\/\/felino.pt\/fr\/wp-json\/wp\/v2\/categories?post=32938"},{"taxonomy":"post_tag","embeddable":true,"href":"https:\/\/felino.pt\/fr\/wp-json\/wp\/v2\/tags?post=32938"}],"curies":[{"name":"wp","href":"https:\/\/api.w.org\/{rel}","templated":true}]}}