{"id":37099,"date":"2023-09-16T10:44:00","date_gmt":"2023-09-16T09:44:00","guid":{"rendered":"https:\/\/felino.pt\/?p=37099"},"modified":"2024-06-16T10:44:19","modified_gmt":"2024-06-16T09:44:19","slug":"felins-a-liba-2023","status":"publish","type":"post","link":"https:\/\/felino.pt\/fr\/felins-a-liba-2023\/","title":{"rendered":"FELINO \u00e0 IBA 2023"},"content":{"rendered":"<p>[et_pb_section fb_built=\"1\u2033 admin_label=\"section\" _builder_version=\"4.16\u2033 global_colors_info=\"{}\" theme_builder_area=\"et_body_layout\"][et_pb_row admin_label=\"row\" _builder_version=\"4.16\u2033 background_size=\"initial\" background_position=\"top_left\" background_repeat=\"repeat\" global_colors_info=\"{}\" theme_builder_area=\"et_body_layout\"][et_pb_column type=\"4_4\u2033 _builder_version=\"4.16\u2033 custom_padding=\"||\" global_colors_info=\"{}\" custom_padding__hover=\"||\" theme_builder_area=\"et_body_layout\"][et_pb_text _builder_version=\"4.25.2\u2033 _module_preset=\"default\" header_2_font_size=\"16px\" hover_enabled=\"0\u2033 global_colors_info=\"{}\" theme_builder_area=\"et_body_layout\" sticky_enabled=\"0\u2033]<\/p>\n<h1 style=\"text-align: center;\">FELINO \u00e0 IBA 2023<\/h1>\n<p><strong><\/strong><\/p>\n<p><span>FELINO a le plaisir d'annoncer qu'elle sera pr\u00e9sente au salon international IBA2023 du 22 au 26 octobre avec de nouveaux \u00e9quipements et de nouvelles solutions !<\/span><span><br \/><\/span><span><br \/><\/span><span>Cet \u00e9v\u00e9nement est une occasion unique pour vous de d\u00e9couvrir nos solutions de pointe, o\u00f9 nous serons pr\u00e9sents pour fournir des informations d\u00e9taill\u00e9es et faire des d\u00e9monstrations de nos \u00e9quipements.<\/span><span><br \/><\/span><span><br \/><\/span><span>Venez nous rendre visite au stand B2.335 pour tester nos solutions de fabrication et voir de vos propres yeux les nouvelles machines \u00e0 votre disposition.<\/span><\/p>\n<p>[\/et_pb_text][et_pb_image src=\"https:\/\/felino.pt\/wp-content\/uploads\/2024\/06\/IBA2023.png\" alt=\"IBA 2023, salon international, IBA, Machines pour la Boulangerie et la P\u00e2tisserie, FELINO\" title_text=\"IBA2023\u2033 _builder_version=\"4.25.2\u2033 _module_preset=\"default\" width=\"100%\" module_alignment=\"centre\" hover_enabled=\"0\u2033 global_colors_info=\"{}\" theme_builder_area=\"et_body_layout\" sticky_enabled=\"0\u2033][\/et_pb_image][\/et_pb_column][\/et_pb_row][\/et_pb_section]<\/p>","protected":false},"excerpt":{"rendered":"<p>FELINO \u00e0 IBA 2023 FELINO a le plaisir d'annoncer qu'elle sera pr\u00e9sente au salon international IBA2023 du 22 au 26 octobre avec de nouveaux \u00e9quipements et de nouvelles solutions ! Cet \u00e9v\u00e9nement est une occasion unique pour vous de d\u00e9couvrir nos solutions de pointe de premi\u00e8re main, o\u00f9 nous serons pr\u00e9sents pour fournir des informations d\u00e9taill\u00e9es et faire des d\u00e9monstrations de nos \u00e9quipements.Visitez-nous au stand B2.335 pour d\u00e9couvrir nos solutions pour votre fabrication et voir de premi\u00e8re main les nouvelles machines \u00e0 votre disposition.<\/p>","protected":false},"author":3,"featured_media":37100,"comment_status":"closed","ping_status":"closed","sticky":false,"template":"","format":"standard","meta":{"_et_pb_use_builder":"on","_et_pb_old_content":"","_et_gb_content_width":"","footnotes":""},"categories":[26,27],"tags":[],"class_list":["post-37099","post","type-post","status-publish","format-standard","has-post-thumbnail","hentry","category-feiras-e-eventos","category-news-padaria-e-pastelaria-noticias"],"_links":{"self":[{"href":"https:\/\/felino.pt\/fr\/wp-json\/wp\/v2\/posts\/37099","targetHints":{"allow":["GET"]}}],"collection":[{"href":"https:\/\/felino.pt\/fr\/wp-json\/wp\/v2\/posts"}],"about":[{"href":"https:\/\/felino.pt\/fr\/wp-json\/wp\/v2\/types\/post"}],"author":[{"embeddable":true,"href":"https:\/\/felino.pt\/fr\/wp-json\/wp\/v2\/users\/3"}],"replies":[{"embeddable":true,"href":"https:\/\/felino.pt\/fr\/wp-json\/wp\/v2\/comments?post=37099"}],"version-history":[{"count":4,"href":"https:\/\/felino.pt\/fr\/wp-json\/wp\/v2\/posts\/37099\/revisions"}],"predecessor-version":[{"id":37106,"href":"https:\/\/felino.pt\/fr\/wp-json\/wp\/v2\/posts\/37099\/revisions\/37106"}],"wp:featuredmedia":[{"embeddable":true,"href":"https:\/\/felino.pt\/fr\/wp-json\/wp\/v2\/media\/37100"}],"wp:attachment":[{"href":"https:\/\/felino.pt\/fr\/wp-json\/wp\/v2\/media?parent=37099"}],"wp:term":[{"taxonomy":"category","embeddable":true,"href":"https:\/\/felino.pt\/fr\/wp-json\/wp\/v2\/categories?post=37099"},{"taxonomy":"post_tag","embeddable":true,"href":"https:\/\/felino.pt\/fr\/wp-json\/wp\/v2\/tags?post=37099"}],"curies":[{"name":"wp","href":"https:\/\/api.w.org\/{rel}","templated":true}]}}